{"id":15644,"date":"2017-06-07T19:39:12","date_gmt":"2017-06-07T19:39:12","guid":{"rendered":"http:\/\/www.alertaciudadana.info\/?p=15644"},"modified":"2017-06-07T19:39:12","modified_gmt":"2017-06-07T19:39:12","slug":"fallece-presunto-asaltante-de-joyeria","status":"publish","type":"post","link":"http:\/\/www.alertaciudadana.info\/?p=15644","title":{"rendered":"Fallece presunto asaltante de joyer\u00eda"},"content":{"rendered":"<h3><a href=\"http:\/\/www.alertaciudadana.info\/wp-content\/uploads\/2017\/06\/IMG_1130.jpg\" rel=\"attachment wp-att-15566\"><img loading=\"lazy\" decoding=\"async\" class=\"alignnone size-medium wp-image-15566\" src=\"http:\/\/www.alertaciudadana.info\/wp-content\/uploads\/2017\/06\/IMG_1130-300x169.jpg\" alt=\"IMG_1130\" width=\"300\" height=\"169\" srcset=\"http:\/\/www.alertaciudadana.info\/wp-content\/uploads\/2017\/06\/IMG_1130-300x169.jpg 300w, http:\/\/www.alertaciudadana.info\/wp-content\/uploads\/2017\/06\/IMG_1130-768x432.jpg 768w, http:\/\/www.alertaciudadana.info\/wp-content\/uploads\/2017\/06\/IMG_1130-1024x576.jpg 1024w, http:\/\/www.alertaciudadana.info\/wp-content\/uploads\/2017\/06\/IMG_1130.jpg 1920w\" sizes=\"auto, (max-width: 300px) 100vw, 300px\" \/><\/a><\/h3>\n<h3>Edith Jimenez<\/h3>\n<h3>Reynosa, Tam.-Tras el asalto cometido en la Joyer\u00eda SWAN que se ubica en el centro comercial Plaza Real sobre el bulevar Hidalgo y donde resultara un hombre herido de bala por uno de los guardias quienes trataron de frustar el robo, se dio a conocer en horas de la ma\u00f1ana que el supuesto asaltante habia fallecido en el Hospital General.<\/h3>\n<h3>Agentes investigadores se\u00f1alan estar tras la pista de los otros dos ladrones que se dieron a la fuega y donde resultara herido y detenido el ahora occiso, quien se negaba a dar datos para dar con el paradero de sus compa\u00f1eros, quienes huyeron a bordo de una camioneta robada.<\/h3>\n<h3>A\u00f1adiendo que ser\u00e1 a trav\u00e9s de las c\u00e1maras de vigilancia del estacionamiento, como se determine la identidad de los responsables.<\/h3>\n<p>&nbsp;<\/p>\n<p>&nbsp;<\/p>\n<p>&nbsp;<\/p>\n","protected":false},"excerpt":{"rendered":"<p>Edith Jimenez Reynosa, Tam.-Tras el asalto cometido en la Joyer\u00eda SWAN que se ubica en el centro comercial Plaza Real&hellip;<\/p>\n","protected":false},"author":1,"featured_media":15566,"comment_status":"closed","ping_status":"closed","sticky":false,"template":"","format":"standard","meta":{"footnotes":""},"categories":[1,8],"tags":[],"class_list":["post-15644","post","type-post","status-publish","format-standard","has-post-thumbnail","hentry","category-destacados","category-policiaca"],"_links":{"self":[{"href":"http:\/\/www.alertaciudadana.info\/index.php?rest_route=\/wp\/v2\/posts\/15644","targetHints":{"allow":["GET"]}}],"collection":[{"href":"http:\/\/www.alertaciudadana.info\/index.php?rest_route=\/wp\/v2\/posts"}],"about":[{"href":"http:\/\/www.alertaciudadana.info\/index.php?rest_route=\/wp\/v2\/types\/post"}],"author":[{"embeddable":true,"href":"http:\/\/www.alertaciudadana.info\/index.php?rest_route=\/wp\/v2\/users\/1"}],"replies":[{"embeddable":true,"href":"http:\/\/www.alertaciudadana.info\/index.php?rest_route=%2Fwp%2Fv2%2Fcomments&post=15644"}],"version-history":[{"count":1,"href":"http:\/\/www.alertaciudadana.info\/index.php?rest_route=\/wp\/v2\/posts\/15644\/revisions"}],"predecessor-version":[{"id":15645,"href":"http:\/\/www.alertaciudadana.info\/index.php?rest_route=\/wp\/v2\/posts\/15644\/revisions\/15645"}],"wp:featuredmedia":[{"embeddable":true,"href":"http:\/\/www.alertaciudadana.info\/index.php?rest_route=\/wp\/v2\/media\/15566"}],"wp:attachment":[{"href":"http:\/\/www.alertaciudadana.info\/index.php?rest_route=%2Fwp%2Fv2%2Fmedia&parent=15644"}],"wp:term":[{"taxonomy":"category","embeddable":true,"href":"http:\/\/www.alertaciudadana.info\/index.php?rest_route=%2Fwp%2Fv2%2Fcategories&post=15644"},{"taxonomy":"post_tag","embeddable":true,"href":"http:\/\/www.alertaciudadana.info\/index.php?rest_route=%2Fwp%2Fv2%2Ftags&post=15644"}],"curies":[{"name":"wp","href":"https:\/\/api.w.org\/{rel}","templated":true}]}}