{"id":14553,"date":"2017-05-04T19:19:25","date_gmt":"2017-05-04T19:19:25","guid":{"rendered":"http:\/\/www.alertaciudadana.info\/?p=14553"},"modified":"2017-05-04T19:19:25","modified_gmt":"2017-05-04T19:19:25","slug":"gobernador-se-compromete-a-combatir-la-delincuencia","status":"publish","type":"post","link":"http:\/\/www.alertaciudadana.info\/?p=14553","title":{"rendered":"Gobernador se compromete a combatir la delincuencia"},"content":{"rendered":"<h3>\u00a0<a href=\"http:\/\/www.alertaciudadana.info\/wp-content\/uploads\/2017\/05\/j.jpg\" rel=\"attachment wp-att-14554\"><img loading=\"lazy\" decoding=\"async\" class=\"alignnone size-medium wp-image-14554\" src=\"http:\/\/www.alertaciudadana.info\/wp-content\/uploads\/2017\/05\/j-300x200.jpg\" alt=\"j\" width=\"300\" height=\"200\" srcset=\"http:\/\/www.alertaciudadana.info\/wp-content\/uploads\/2017\/05\/j-300x200.jpg 300w, http:\/\/www.alertaciudadana.info\/wp-content\/uploads\/2017\/05\/j-768x511.jpg 768w, http:\/\/www.alertaciudadana.info\/wp-content\/uploads\/2017\/05\/j-1024x682.jpg 1024w, http:\/\/www.alertaciudadana.info\/wp-content\/uploads\/2017\/05\/j.jpg 1200w\" sizes=\"auto, (max-width: 300px) 100vw, 300px\" \/><\/a><\/h3>\n<h3>Jojutla, Morelos.- El Gobernador del Estado, Francisco Garc\u00eda Cabeza de Vaca, asegur\u00f3 esta noche que su administraci\u00f3n asume el compromiso de combatir la inseguridad en Tamaulipas, pero enfatiz\u00f3 que se tienen que cerrar todas las llaves que sirven de financiamiento a la delincuencia organizada.<\/h3>\n<h3>Garc\u00eda Cabeza de Vaca, pidi\u00f3 este mi\u00e9rcoles a la mesa de Seguridad de la Conferencia Nacional de Gobernadores (CONAGO), trabajar en una estrategia espec\u00edfica junto con la federaci\u00f3n para combatir la delincuencia organizada y se comprometi\u00f3 a atacar las fuentes ilegales de financiamiento de los grupos criminales en Tamaulipas.<\/h3>\n<h3>En el marco de la 52 Reuni\u00f3n Ordinaria de la CONAGO, celebrada en el municipio de Jojutla, Morelos, Garc\u00eda Cabeza de Vaca se refiri\u00f3 al tema ante la presencia del Secretario de Gobernaci\u00f3n, Miguel \u00c1ngel Osorio Chong; de los Secretarios de la Defensa Nacional, General Salvador Cienfuegos Zepeda y de la Marina, Almirante Vidal Sober\u00f3n Sanz; adem\u00e1s del Secretario Ejecutivo del Sistema Nacional de Seguridad P\u00fablica, \u00c1lvaro Vizca\u00edno Zamora.<\/h3>\n<h3>\u201cQuisiera poner a consideraci\u00f3n de la CONAGO, que si bien es cierto la problem\u00e1tica que se tiene en muchos en estado son similares, nunca van a ser iguales; valdr\u00eda la pena que nos junt\u00e1ramos nosotros, el Grupo de Seguridad con los Secretarios, para hacer una estrategia integral especialmente en cada uno de nuestros estados\u201d, expuso el Gobernador de Tamaulipas.<\/h3>\n<h3>Reconoci\u00f3 el apoyo que ha tenido el estado en materia de seguridad gracias a la SEDENA, SEMAR y la Polic\u00eda Federal, adem\u00e1s de la Secretar\u00eda de Gobernaci\u00f3n el combate a la delincuencia en Tamaulipas.<\/h3>\n<h3>Garc\u00eda Cabeza de Vaca dijo que se tiene que atacar el financiamiento que ha permitido el crecimiento de los grupos criminales como son los casinos, el robo de combustible, el contrabando, el robo de luz as\u00ed como la extorsi\u00f3n y la trata de personas y migrantes<\/h3>\n<h3>\u201cTenemos que cerrarle la llave a todas las acciones que los grupos criminales est\u00e1n llevando a cabo para fortalecerse, hacer una estrategia integral, las estructuras criminales se han diversificado est\u00e1n utilizando otras estrategias para hacerse de recursos y es obligaci\u00f3n de nosotros, yo estar\u00e9 asumiendo la m\u00eda de cerrarles la llave en todas las acciones en las que ellos se han estado fortaleciendo\u201d, precis\u00f3 Garc\u00eda Cabeza de Vaca, al subrayar que de nada sirve neutralizar objetivos relevantes o prioritarios si no se combate toda la estructura criminal.<\/h3>\n<h3>Al referirse a los hechos que han ocurrido en Reynosa, dijo que se desarrollar\u00e1 en lo inmediato una estrategia para frenar los bloqueos y enfrentamientos a los grupos de la delincuencia organizada a fin recuperar la tranquilidad de los ciudadanos y el orden en la ciudad.<\/h3>\n","protected":false},"excerpt":{"rendered":"<p>\u00a0 Jojutla, Morelos.- El Gobernador del Estado, Francisco Garc\u00eda Cabeza de Vaca, asegur\u00f3 esta noche que su administraci\u00f3n asume el&hellip;<\/p>\n","protected":false},"author":1,"featured_media":14554,"comment_status":"closed","ping_status":"closed","sticky":false,"template":"","format":"standard","meta":{"footnotes":""},"categories":[16,1,4],"tags":[],"class_list":["post-14553","post","type-post","status-publish","format-standard","has-post-thumbnail","hentry","category-ciudadvictoria","category-destacados","category-tamaulipas"],"_links":{"self":[{"href":"http:\/\/www.alertaciudadana.info\/index.php?rest_route=\/wp\/v2\/posts\/14553","targetHints":{"allow":["GET"]}}],"collection":[{"href":"http:\/\/www.alertaciudadana.info\/index.php?rest_route=\/wp\/v2\/posts"}],"about":[{"href":"http:\/\/www.alertaciudadana.info\/index.php?rest_route=\/wp\/v2\/types\/post"}],"author":[{"embeddable":true,"href":"http:\/\/www.alertaciudadana.info\/index.php?rest_route=\/wp\/v2\/users\/1"}],"replies":[{"embeddable":true,"href":"http:\/\/www.alertaciudadana.info\/index.php?rest_route=%2Fwp%2Fv2%2Fcomments&post=14553"}],"version-history":[{"count":1,"href":"http:\/\/www.alertaciudadana.info\/index.php?rest_route=\/wp\/v2\/posts\/14553\/revisions"}],"predecessor-version":[{"id":14555,"href":"http:\/\/www.alertaciudadana.info\/index.php?rest_route=\/wp\/v2\/posts\/14553\/revisions\/14555"}],"wp:featuredmedia":[{"embeddable":true,"href":"http:\/\/www.alertaciudadana.info\/index.php?rest_route=\/wp\/v2\/media\/14554"}],"wp:attachment":[{"href":"http:\/\/www.alertaciudadana.info\/index.php?rest_route=%2Fwp%2Fv2%2Fmedia&parent=14553"}],"wp:term":[{"taxonomy":"category","embeddable":true,"href":"http:\/\/www.alertaciudadana.info\/index.php?rest_route=%2Fwp%2Fv2%2Fcategories&post=14553"},{"taxonomy":"post_tag","embeddable":true,"href":"http:\/\/www.alertaciudadana.info\/index.php?rest_route=%2Fwp%2Fv2%2Ftags&post=14553"}],"curies":[{"name":"wp","href":"https:\/\/api.w.org\/{rel}","templated":true}]}}