{"id":14261,"date":"2017-04-28T00:53:39","date_gmt":"2017-04-28T00:53:39","guid":{"rendered":"http:\/\/www.alertaciudadana.info\/?p=14261"},"modified":"2017-04-28T00:53:39","modified_gmt":"2017-04-28T00:53:39","slug":"inaugura-gobernador-congreso-de-competitividad","status":"publish","type":"post","link":"http:\/\/www.alertaciudadana.info\/?p=14261","title":{"rendered":"Inaugura Gobernador Congreso de competitividad"},"content":{"rendered":"<p><a href=\"http:\/\/www.alertaciudadana.info\/wp-content\/uploads\/2017\/04\/TAM-125-2017.-Inaugura-Gobernador-Congreso-de-Competitividad-2.jpg\" rel=\"attachment wp-att-14262\"><img loading=\"lazy\" decoding=\"async\" class=\"alignnone size-medium wp-image-14262\" src=\"http:\/\/www.alertaciudadana.info\/wp-content\/uploads\/2017\/04\/TAM-125-2017.-Inaugura-Gobernador-Congreso-de-Competitividad-2-300x200.jpg\" alt=\"TAM-125-2017.-Inaugura-Gobernador-Congreso-de-Competitividad-2\" width=\"300\" height=\"200\" srcset=\"http:\/\/www.alertaciudadana.info\/wp-content\/uploads\/2017\/04\/TAM-125-2017.-Inaugura-Gobernador-Congreso-de-Competitividad-2-300x200.jpg 300w, http:\/\/www.alertaciudadana.info\/wp-content\/uploads\/2017\/04\/TAM-125-2017.-Inaugura-Gobernador-Congreso-de-Competitividad-2-768x511.jpg 768w, http:\/\/www.alertaciudadana.info\/wp-content\/uploads\/2017\/04\/TAM-125-2017.-Inaugura-Gobernador-Congreso-de-Competitividad-2-1024x682.jpg 1024w, http:\/\/www.alertaciudadana.info\/wp-content\/uploads\/2017\/04\/TAM-125-2017.-Inaugura-Gobernador-Congreso-de-Competitividad-2.jpg 1200w\" sizes=\"auto, (max-width: 300px) 100vw, 300px\" \/><\/a><\/p>\n<h3>Nuevo Laredo, Tamaulipas.- Con la participaci\u00f3n de los sectores productivos, comercial, acad\u00e9micos y culturales de esta la entidad y del sur de Texas, el gobernador Francisco Garc\u00eda Cabeza de Vaca, acompa\u00f1ado de los alcaldes de Nuevo Laredo y Laredo, Texas, Enrique Rivas Cuellar y Pete S\u00e1enz, puso en marcha las actividades del Primer Congreso Regional para la Competitividad 2017, con el lema \u201cEl Presente y Futuro de la Regi\u00f3n Binacional, Comercial m\u00e1s Competitiva: Los Dos Laredos\u201d.<\/h3>\n<h3>El foro ofreci\u00f3 exposiciones de especialistas en temas sobre las fortalezas de la relaci\u00f3n bilateral entre M\u00e9xico y Estados Unidos en el contexto internacional, el desarrollo energ\u00e9tico de la regi\u00f3n y las reglas de la competitividad en la era digital.<\/h3>\n<h3>El Gobernador dijo que este primer Congreso Regional para la Competitividad dar\u00e1 acceso a conocimientos para visualizar mayores oportunidades y ventajas en el mundo de los negocios internacionales.<\/h3>\n<h3>\u201cJunto a nuestros amigos del norte aprovechamos ahora nuestras coincidencias y aumentemos nuestra cooperaci\u00f3n impulsando el desarrollo y la comunidad de nuestras fronteras para generar m\u00e1s oportunidades que mejorar la calidad de vida de las familias\u201d, expres\u00f3.<\/h3>\n<h3>Dijo que en los tiempos de todos, nuestros vecinos de Texas son aliados, socios y que para insertarlas en la econom\u00eda global es imperativo que fortalezcan su competitividad mediante la consolidaci\u00f3n de la relaci\u00f3n.<\/h3>\n<h3>\u201cMi gobierno ha emprendido acciones dirigidas a mejorar la competitividad del sector privado, con agencias que inciden en la oportunidad en la apertura de mejores canales de comunicaci\u00f3n con los emprendedores, brindar facilidades para la inversi\u00f3n, mejorar la infraestructura para la producci\u00f3n y garantizar el estado de derecho\u201d, puntualiz\u00f3 el mandatario.<\/h3>\n<h3>Por su parte, el presidente municipal de Nuevo Laredo, Enrique Rivas Cuellar, se congratul\u00f3 por este hecho in\u00e9dito que re\u00fane a destacados liderazgos en este congreso organizado entre ambos Laredos con el apoyo del Ejecutivo Estatal.<\/h3>\n<h3>Estuvieron presentes tambi\u00e9n, el C\u00f3nsul de Estados Unidos en Nuevo Laredo, Phillip Linderman; la C\u00f3nsul General de M\u00e9xico en Laredo, Texas, Carolina Zaragoza Flores; el presidente del Consejo Estatal para la Competitividad y el Desarrollo Econ\u00f3mico de Tamaulipas, Miguel \u00c1ngel Mansur Pedraza; el director general de Contenido Nacional, H\u00e9ctor Marcos Sol\u00eds, representante del Secretario de Econom\u00eda; el director general del Instituto para la Competitividad y el Comercio Exterior (ICCE), Jorge Vi\u00f1als Ortiz de la Pe\u00f1a; y el Secretario de Desarrollo Econ\u00f3mico del estado, Carlos W. Talanc\u00f3n, entre otros invitados especiales.<\/h3>\n","protected":false},"excerpt":{"rendered":"<p>Nuevo Laredo, Tamaulipas.- Con la participaci\u00f3n de los sectores productivos, comercial, acad\u00e9micos y culturales de esta la entidad y del&hellip;<\/p>\n","protected":false},"author":1,"featured_media":14262,"comment_status":"closed","ping_status":"closed","sticky":false,"template":"","format":"standard","meta":{"footnotes":""},"categories":[16,1,4],"tags":[],"class_list":["post-14261","post","type-post","status-publish","format-standard","has-post-thumbnail","hentry","category-ciudadvictoria","category-destacados","category-tamaulipas"],"_links":{"self":[{"href":"http:\/\/www.alertaciudadana.info\/index.php?rest_route=\/wp\/v2\/posts\/14261","targetHints":{"allow":["GET"]}}],"collection":[{"href":"http:\/\/www.alertaciudadana.info\/index.php?rest_route=\/wp\/v2\/posts"}],"about":[{"href":"http:\/\/www.alertaciudadana.info\/index.php?rest_route=\/wp\/v2\/types\/post"}],"author":[{"embeddable":true,"href":"http:\/\/www.alertaciudadana.info\/index.php?rest_route=\/wp\/v2\/users\/1"}],"replies":[{"embeddable":true,"href":"http:\/\/www.alertaciudadana.info\/index.php?rest_route=%2Fwp%2Fv2%2Fcomments&post=14261"}],"version-history":[{"count":1,"href":"http:\/\/www.alertaciudadana.info\/index.php?rest_route=\/wp\/v2\/posts\/14261\/revisions"}],"predecessor-version":[{"id":14263,"href":"http:\/\/www.alertaciudadana.info\/index.php?rest_route=\/wp\/v2\/posts\/14261\/revisions\/14263"}],"wp:featuredmedia":[{"embeddable":true,"href":"http:\/\/www.alertaciudadana.info\/index.php?rest_route=\/wp\/v2\/media\/14262"}],"wp:attachment":[{"href":"http:\/\/www.alertaciudadana.info\/index.php?rest_route=%2Fwp%2Fv2%2Fmedia&parent=14261"}],"wp:term":[{"taxonomy":"category","embeddable":true,"href":"http:\/\/www.alertaciudadana.info\/index.php?rest_route=%2Fwp%2Fv2%2Fcategories&post=14261"},{"taxonomy":"post_tag","embeddable":true,"href":"http:\/\/www.alertaciudadana.info\/index.php?rest_route=%2Fwp%2Fv2%2Ftags&post=14261"}],"curies":[{"name":"wp","href":"https:\/\/api.w.org\/{rel}","templated":true}]}}