{"id":13984,"date":"2017-04-19T04:34:06","date_gmt":"2017-04-19T04:34:06","guid":{"rendered":"http:\/\/www.alertaciudadana.info\/?p=13984"},"modified":"2017-04-19T04:34:06","modified_gmt":"2017-04-19T04:34:06","slug":"gobernador-no-solapara-a-ningun-servidor-publico","status":"publish","type":"post","link":"http:\/\/www.alertaciudadana.info\/?p=13984","title":{"rendered":"Gobernador no solapara a ningun servidor publico"},"content":{"rendered":"<h3><a href=\"http:\/\/www.alertaciudadana.info\/wp-content\/uploads\/2017\/04\/vaca4.jpg\" rel=\"attachment wp-att-13985\"><img loading=\"lazy\" decoding=\"async\" class=\"alignnone size-medium wp-image-13985\" src=\"http:\/\/www.alertaciudadana.info\/wp-content\/uploads\/2017\/04\/vaca4-300x200.jpg\" alt=\"vaca4\" width=\"300\" height=\"200\" srcset=\"http:\/\/www.alertaciudadana.info\/wp-content\/uploads\/2017\/04\/vaca4-300x200.jpg 300w, http:\/\/www.alertaciudadana.info\/wp-content\/uploads\/2017\/04\/vaca4-768x512.jpg 768w, http:\/\/www.alertaciudadana.info\/wp-content\/uploads\/2017\/04\/vaca4.jpg 900w\" sizes=\"auto, (max-width: 300px) 100vw, 300px\" \/><\/a><\/h3>\n<h3>Ciudad Victoria, Tamaulipas.- El Gobierno de Tamaulipas ces\u00f3 a Norberto Jes\u00fas Guti\u00e9rrez N\u00fa\u00f1ez, responsable del veh\u00edculo oficial captado en un video difundido en redes sociales, a bordo del cual se trasladaba una persona que sustrajo un recipiente de basura de manera ilegal.<\/h3>\n<h3>El caso tambi\u00e9n fue turnado a la Contralor\u00eda estatal para que a su vez realice la investigaci\u00f3n correspondiente.<\/h3>\n<h3>La Secretar\u00eda de Administraci\u00f3n concluy\u00f3 que el veh\u00edculo utilizado en el hurto, con placas WN00580, corresponde a la flotilla del Gobierno estatal y estaba asignado a Guti\u00e9rrez N\u00fa\u00f1ez.<\/h3>\n<h3>A trav\u00e9s de la Secretar\u00eda de Administraci\u00f3n se orden\u00f3 de inmediato dar de baja al servidor p\u00fablico, independiente de la actuaci\u00f3n que realiza la Contralor\u00eda Estatal.<\/h3>\n<h3>El Gobierno del Estado continuar\u00e1 actuando con rigor y aplicar\u00e1 los procedimientos correspondientes ante los abusos e ilegalidades que cometan los servidores p\u00fablicos.<\/h3>\n","protected":false},"excerpt":{"rendered":"<p>Ciudad Victoria, Tamaulipas.- El Gobierno de Tamaulipas ces\u00f3 a Norberto Jes\u00fas Guti\u00e9rrez N\u00fa\u00f1ez, responsable del veh\u00edculo oficial captado en un&hellip;<\/p>\n","protected":false},"author":1,"featured_media":13985,"comment_status":"closed","ping_status":"closed","sticky":false,"template":"","format":"standard","meta":{"footnotes":""},"categories":[16,1],"tags":[],"class_list":["post-13984","post","type-post","status-publish","format-standard","has-post-thumbnail","hentry","category-ciudadvictoria","category-destacados"],"_links":{"self":[{"href":"http:\/\/www.alertaciudadana.info\/index.php?rest_route=\/wp\/v2\/posts\/13984","targetHints":{"allow":["GET"]}}],"collection":[{"href":"http:\/\/www.alertaciudadana.info\/index.php?rest_route=\/wp\/v2\/posts"}],"about":[{"href":"http:\/\/www.alertaciudadana.info\/index.php?rest_route=\/wp\/v2\/types\/post"}],"author":[{"embeddable":true,"href":"http:\/\/www.alertaciudadana.info\/index.php?rest_route=\/wp\/v2\/users\/1"}],"replies":[{"embeddable":true,"href":"http:\/\/www.alertaciudadana.info\/index.php?rest_route=%2Fwp%2Fv2%2Fcomments&post=13984"}],"version-history":[{"count":1,"href":"http:\/\/www.alertaciudadana.info\/index.php?rest_route=\/wp\/v2\/posts\/13984\/revisions"}],"predecessor-version":[{"id":13986,"href":"http:\/\/www.alertaciudadana.info\/index.php?rest_route=\/wp\/v2\/posts\/13984\/revisions\/13986"}],"wp:featuredmedia":[{"embeddable":true,"href":"http:\/\/www.alertaciudadana.info\/index.php?rest_route=\/wp\/v2\/media\/13985"}],"wp:attachment":[{"href":"http:\/\/www.alertaciudadana.info\/index.php?rest_route=%2Fwp%2Fv2%2Fmedia&parent=13984"}],"wp:term":[{"taxonomy":"category","embeddable":true,"href":"http:\/\/www.alertaciudadana.info\/index.php?rest_route=%2Fwp%2Fv2%2Fcategories&post=13984"},{"taxonomy":"post_tag","embeddable":true,"href":"http:\/\/www.alertaciudadana.info\/index.php?rest_route=%2Fwp%2Fv2%2Ftags&post=13984"}],"curies":[{"name":"wp","href":"https:\/\/api.w.org\/{rel}","templated":true}]}}