{"id":13606,"date":"2017-04-04T00:49:50","date_gmt":"2017-04-04T00:49:50","guid":{"rendered":"http:\/\/www.alertaciudadana.info\/?p=13606"},"modified":"2017-04-04T00:49:50","modified_gmt":"2017-04-04T00:49:50","slug":"daran-mucho-mejor-trato-a-ciudadania-comapa-r-b","status":"publish","type":"post","link":"http:\/\/www.alertaciudadana.info\/?p=13606","title":{"rendered":"Daran mucho mejor trato a ciudadania Comapa R.B"},"content":{"rendered":"<p><a href=\"http:\/\/www.alertaciudadana.info\/wp-content\/uploads\/2017\/04\/20170403_105531.jpg\" rel=\"attachment wp-att-13603\"><img loading=\"lazy\" decoding=\"async\" class=\"alignnone size-medium wp-image-13603\" src=\"http:\/\/www.alertaciudadana.info\/wp-content\/uploads\/2017\/04\/20170403_105531-300x225.jpg\" alt=\"20170403_105531\" width=\"300\" height=\"225\" srcset=\"http:\/\/www.alertaciudadana.info\/wp-content\/uploads\/2017\/04\/20170403_105531-300x225.jpg 300w, http:\/\/www.alertaciudadana.info\/wp-content\/uploads\/2017\/04\/20170403_105531-768x576.jpg 768w, http:\/\/www.alertaciudadana.info\/wp-content\/uploads\/2017\/04\/20170403_105531-1024x768.jpg 1024w\" sizes=\"auto, (max-width: 300px) 100vw, 300px\" \/><\/a><\/p>\n<h3>Javier Izaguirre<\/h3>\n<h3>Rio Bravo Tam.-El director de la COMAPA en rio bravo Raul Garcia Vivian menciono que la COMAPA de rio bravo esta creciendo mas y est\u00e1n tratando de llevar el servicio de agua a toda la ciudadan\u00eda, el gerente se mostro conforme con los trabajos realizados hasta el dia de hoy en lo que va la administraci\u00f3n, ya que se est\u00e1n haciendo muchas modificaciones incluso se dio el banderazo de arranque de varios veh\u00edculos que entregaron a trabajadores para su mejor desempe\u00f1o.<\/h3>\n<h3>Gracia vivian comento que es tiempo de que\u00a0en la ciudad Riobravense, se de una mejor calidad en el agua de esta manera tambi\u00e9n comento sobre los rezagos que existen y pidi\u00f3 el apoyo de la poblaci\u00f3n para que se regularizen, adem\u00e1s de mencionar que iniciaran con el programa de cero, para que quienes tengan adeudos puedan ponerse al corriente en los pagos y no dejar que vuelvan a caer en adeudos un tanto excesivos.<\/h3>\n<h3>En el evento estuvo presente en alcalde municipal Juan Diego\u00a0Guajardo Anzalduas, de la misma forma el Representante del gobernador del estado, Garza Fas, Diputados, y regidores del ayuntamiento.<\/h3>\n","protected":false},"excerpt":{"rendered":"<p>Javier Izaguirre Rio Bravo Tam.-El director de la COMAPA en rio bravo Raul Garcia Vivian menciono que la COMAPA de&hellip;<\/p>\n","protected":false},"author":1,"featured_media":13607,"comment_status":"closed","ping_status":"closed","sticky":false,"template":"","format":"standard","meta":{"footnotes":""},"categories":[1,3],"tags":[],"class_list":["post-13606","post","type-post","status-publish","format-standard","has-post-thumbnail","hentry","category-destacados","category-riobravo"],"_links":{"self":[{"href":"http:\/\/www.alertaciudadana.info\/index.php?rest_route=\/wp\/v2\/posts\/13606","targetHints":{"allow":["GET"]}}],"collection":[{"href":"http:\/\/www.alertaciudadana.info\/index.php?rest_route=\/wp\/v2\/posts"}],"about":[{"href":"http:\/\/www.alertaciudadana.info\/index.php?rest_route=\/wp\/v2\/types\/post"}],"author":[{"embeddable":true,"href":"http:\/\/www.alertaciudadana.info\/index.php?rest_route=\/wp\/v2\/users\/1"}],"replies":[{"embeddable":true,"href":"http:\/\/www.alertaciudadana.info\/index.php?rest_route=%2Fwp%2Fv2%2Fcomments&post=13606"}],"version-history":[{"count":1,"href":"http:\/\/www.alertaciudadana.info\/index.php?rest_route=\/wp\/v2\/posts\/13606\/revisions"}],"predecessor-version":[{"id":13612,"href":"http:\/\/www.alertaciudadana.info\/index.php?rest_route=\/wp\/v2\/posts\/13606\/revisions\/13612"}],"wp:featuredmedia":[{"embeddable":true,"href":"http:\/\/www.alertaciudadana.info\/index.php?rest_route=\/wp\/v2\/media\/13607"}],"wp:attachment":[{"href":"http:\/\/www.alertaciudadana.info\/index.php?rest_route=%2Fwp%2Fv2%2Fmedia&parent=13606"}],"wp:term":[{"taxonomy":"category","embeddable":true,"href":"http:\/\/www.alertaciudadana.info\/index.php?rest_route=%2Fwp%2Fv2%2Fcategories&post=13606"},{"taxonomy":"post_tag","embeddable":true,"href":"http:\/\/www.alertaciudadana.info\/index.php?rest_route=%2Fwp%2Fv2%2Ftags&post=13606"}],"curies":[{"name":"wp","href":"https:\/\/api.w.org\/{rel}","templated":true}]}}