{"id":13573,"date":"2017-03-31T20:42:55","date_gmt":"2017-03-31T20:42:55","guid":{"rendered":"http:\/\/www.alertaciudadana.info\/?p=13573"},"modified":"2017-03-31T20:42:55","modified_gmt":"2017-03-31T20:42:55","slug":"mas-y-mejores-empleos-para-tamaulipecos","status":"publish","type":"post","link":"http:\/\/www.alertaciudadana.info\/?p=13573","title":{"rendered":"M\u00e1s y mejores empleos para tamaulipecos"},"content":{"rendered":"<h3><a href=\"http:\/\/www.alertaciudadana.info\/wp-content\/uploads\/2017\/03\/MG_3839.jpg\" rel=\"attachment wp-att-13575\"><img loading=\"lazy\" decoding=\"async\" class=\"alignnone size-medium wp-image-13575\" src=\"http:\/\/www.alertaciudadana.info\/wp-content\/uploads\/2017\/03\/MG_3839-300x200.jpg\" alt=\"_MG_3839\" width=\"300\" height=\"200\" srcset=\"http:\/\/www.alertaciudadana.info\/wp-content\/uploads\/2017\/03\/MG_3839-300x200.jpg 300w, http:\/\/www.alertaciudadana.info\/wp-content\/uploads\/2017\/03\/MG_3839-768x512.jpg 768w, http:\/\/www.alertaciudadana.info\/wp-content\/uploads\/2017\/03\/MG_3839-1024x683.jpg 1024w\" sizes=\"auto, (max-width: 300px) 100vw, 300px\" \/><\/a><\/h3>\n<h3>Matamoros Tamaulipas.- M\u00e1s de 12 mil nuevos empleos formales se han registrado en Tamaulipas al cierre del mes de marzo, dijo la Secretaria del Trabajo Mar\u00eda Estela Chavira Mart\u00ednez, luego de inaugurar la 5a edici\u00f3n de la Feria Nacional de Empleo Matamoros 2017.<\/h3>\n<h3>La generaci\u00f3n de oportunidades, provocado por el arribo de inversiones, ha dejado como resultado una reducci\u00f3n en la tasa de desempleo, seg\u00fan datos del Instituto Mexicano del Seguro Social, Tamaulipas paso de un 4.6 a un 4.1 por ciento.<\/h3>\n<h3>\u00abReconocemos que falta mucho por hacer, pero se est\u00e1n dando paso firmes en Tamaulipas\u00bb, aseguro la funcionaria\u00bb.<\/h3>\n<h3>A la fecha, Matamoros ocupa el segundo lugar en cuanto a generaci\u00f3n de empleos, siendo una de las econom\u00edas con mayor crecimiento del pa\u00eds, refiri\u00f3 el Delegado Federal de la Secretar\u00eda del Trabajo y Previsi\u00f3n Social, Rodrigo Mario Stolberg Hinojosa.<\/h3>\n<h3>Estad\u00edsticas arrojan que Reynosa agrupa m\u00e1s del 33.2 por ciento del total de los trabajadores, Tampico concentra m\u00e1s del 20.4 por ciento y Matamoros el 18.8 por ciento, siendo estas tres \u00faltimas regiones las que re\u00fanen el 70 por ciento del total de trabajadores en el estado.<\/h3>\n<h3>En la Feria Nacional de Empleo realizada en Matamoros, la Secretar\u00eda del Trabajo, a trav\u00e9s del Servicio Nacional de Empleo Tamaulipas, reuni\u00f3 a 92 empresas y ofert\u00f3 mil 780 vacantes para m\u00e1s de 610 personas, con las acciones, la entidad se suma a la generaci\u00f3n de empleos, donde a nivel nacional la industria de la transformaci\u00f3n re\u00fane a m\u00e1s del 26.8 por ciento, los servicios para empresas personales y el hogar el 23.4 por ciento y el comercio el 20 por ciento, actividades que aglutinan el 70 por ciento de los trabajadores<\/h3>\n<p>&nbsp;<\/p>\n<p>En cuanto a la activaci\u00f3n laboral, la titular de la Secretar\u00eda del Trabajo Mar\u00eda Estela Chavira Mart\u00ednez, expuso que en Tamaulipas el gobierno del Estado, tan solo en el ejercicio fiscal, le apuesta alcanzar los m\u00e1s de 30 mil empleos.<\/p>\n","protected":false},"excerpt":{"rendered":"<p>Matamoros Tamaulipas.- M\u00e1s de 12 mil nuevos empleos formales se han registrado en Tamaulipas al cierre del mes de marzo,&hellip;<\/p>\n","protected":false},"author":1,"featured_media":13574,"comment_status":"closed","ping_status":"closed","sticky":false,"template":"","format":"standard","meta":{"footnotes":""},"categories":[16,1,4],"tags":[],"class_list":["post-13573","post","type-post","status-publish","format-standard","has-post-thumbnail","hentry","category-ciudadvictoria","category-destacados","category-tamaulipas"],"_links":{"self":[{"href":"http:\/\/www.alertaciudadana.info\/index.php?rest_route=\/wp\/v2\/posts\/13573","targetHints":{"allow":["GET"]}}],"collection":[{"href":"http:\/\/www.alertaciudadana.info\/index.php?rest_route=\/wp\/v2\/posts"}],"about":[{"href":"http:\/\/www.alertaciudadana.info\/index.php?rest_route=\/wp\/v2\/types\/post"}],"author":[{"embeddable":true,"href":"http:\/\/www.alertaciudadana.info\/index.php?rest_route=\/wp\/v2\/users\/1"}],"replies":[{"embeddable":true,"href":"http:\/\/www.alertaciudadana.info\/index.php?rest_route=%2Fwp%2Fv2%2Fcomments&post=13573"}],"version-history":[{"count":1,"href":"http:\/\/www.alertaciudadana.info\/index.php?rest_route=\/wp\/v2\/posts\/13573\/revisions"}],"predecessor-version":[{"id":13576,"href":"http:\/\/www.alertaciudadana.info\/index.php?rest_route=\/wp\/v2\/posts\/13573\/revisions\/13576"}],"wp:featuredmedia":[{"embeddable":true,"href":"http:\/\/www.alertaciudadana.info\/index.php?rest_route=\/wp\/v2\/media\/13574"}],"wp:attachment":[{"href":"http:\/\/www.alertaciudadana.info\/index.php?rest_route=%2Fwp%2Fv2%2Fmedia&parent=13573"}],"wp:term":[{"taxonomy":"category","embeddable":true,"href":"http:\/\/www.alertaciudadana.info\/index.php?rest_route=%2Fwp%2Fv2%2Fcategories&post=13573"},{"taxonomy":"post_tag","embeddable":true,"href":"http:\/\/www.alertaciudadana.info\/index.php?rest_route=%2Fwp%2Fv2%2Ftags&post=13573"}],"curies":[{"name":"wp","href":"https:\/\/api.w.org\/{rel}","templated":true}]}}