{"id":13383,"date":"2017-03-23T02:28:16","date_gmt":"2017-03-23T02:28:16","guid":{"rendered":"http:\/\/www.alertaciudadana.info\/?p=13383"},"modified":"2017-03-23T02:28:16","modified_gmt":"2017-03-23T02:28:16","slug":"5-muertos-y-40-heridos-en-ataque-terrorista-en-londres","status":"publish","type":"post","link":"http:\/\/www.alertaciudadana.info\/?p=13383","title":{"rendered":"5 muertos y 40 heridos en ataque terrorista en Londres"},"content":{"rendered":"<h3><a href=\"http:\/\/www.alertaciudadana.info\/wp-content\/uploads\/2017\/03\/policia-confirma-cuatro-muertos-20-heridos-ataque-londres-696x475.jpg\" rel=\"attachment wp-att-13384\"><img loading=\"lazy\" decoding=\"async\" class=\"alignnone size-medium wp-image-13384\" src=\"http:\/\/www.alertaciudadana.info\/wp-content\/uploads\/2017\/03\/policia-confirma-cuatro-muertos-20-heridos-ataque-londres-696x475-300x205.jpg\" alt=\"policia-confirma-cuatro-muertos-20-heridos-ataque-londres-696x475\" width=\"300\" height=\"205\" srcset=\"http:\/\/www.alertaciudadana.info\/wp-content\/uploads\/2017\/03\/policia-confirma-cuatro-muertos-20-heridos-ataque-londres-696x475-300x205.jpg 300w, http:\/\/www.alertaciudadana.info\/wp-content\/uploads\/2017\/03\/policia-confirma-cuatro-muertos-20-heridos-ataque-londres-696x475.jpg 696w\" sizes=\"auto, (max-width: 300px) 100vw, 300px\" \/><\/a><\/h3>\n<h3>INTERNACIONAL.-El jefe de la unidad antiterrorista de la Polic\u00eda de Londres, Mark Rowley, inform\u00f3 que suman cinco los muertos en el atentado frente al Parlamento brit\u00e1nico, incluido el atacante abatido por las fuerzas de seguridad.<\/h3>\n<h3>\nRowley indic\u00f3 que la cifra total de heridos es de cuarenta, despu\u00e9s de que esta tarde un hombre lanzara su veh\u00edculo contra la gente que caminaba por el puente de Westminster y acuchillara despu\u00e9s a un polic\u00eda.<br \/>\nAdem\u00e1s, Rowley dio a conocer la identidad del polic\u00eda asesinado.<\/h3>\n<h3>Era Keith Palmer, de 48 a\u00f1os de edad, quien hab\u00eda servido durante 15 a\u00f1os a la instituci\u00f3n.<br \/>\nEl agente se neg\u00f3 a dar datos sobre la identidad del atacante, aunque sugiri\u00f3 que la Polic\u00eda ya ten\u00eda esa informaci\u00f3n.<br \/>\nEl atentado se produjo cuando un auto embisti\u00f3 la cerca afuera del Parlamento despu\u00e9s de haber atropellado a algunos peatones en su camino por el puente de Westminster.<\/h3>\n<h3>Un hombre armado con un cuchillo corri\u00f3 a trav\u00e9s de la entrada y del cuerpo de seguridad, e hiri\u00f3 al polic\u00eda, recibi\u00f3 despu\u00e9s un disparo.<br \/>\nEntre las v\u00edctimas fatales hab\u00eda dos personas en el puente.<\/h3>\n<h3>Tres ni\u00f1os franceses que realizaban una visita escolar fueron heridos.<br \/>\n\u00abEste es un d\u00eda que planeamos pero que esper\u00e1bamos que nunca sucediera, tristemente es ahora una realidad\u00bb, dijo Rowley.<br \/>\n\u00abSeguiremos haciendo todo lo posible para proteger a la gente en Londres\u00bb.<br \/>\nEl ataque ocurri\u00f3 mientras B\u00e9lgica conmemoraba el primer aniversario de dos ataques terroristas que dejaron 32 muertos.<\/h3>\n<p>&nbsp;<\/p>\n","protected":false},"excerpt":{"rendered":"<p>INTERNACIONAL.-El jefe de la unidad antiterrorista de la Polic\u00eda de Londres, Mark Rowley, inform\u00f3 que suman cinco los muertos en&hellip;<\/p>\n","protected":false},"author":1,"featured_media":13384,"comment_status":"open","ping_status":"open","sticky":false,"template":"","format":"standard","meta":{"footnotes":""},"categories":[1,6],"tags":[],"class_list":["post-13383","post","type-post","status-publish","format-standard","has-post-thumbnail","hentry","category-destacados","category-internacional"],"_links":{"self":[{"href":"http:\/\/www.alertaciudadana.info\/index.php?rest_route=\/wp\/v2\/posts\/13383","targetHints":{"allow":["GET"]}}],"collection":[{"href":"http:\/\/www.alertaciudadana.info\/index.php?rest_route=\/wp\/v2\/posts"}],"about":[{"href":"http:\/\/www.alertaciudadana.info\/index.php?rest_route=\/wp\/v2\/types\/post"}],"author":[{"embeddable":true,"href":"http:\/\/www.alertaciudadana.info\/index.php?rest_route=\/wp\/v2\/users\/1"}],"replies":[{"embeddable":true,"href":"http:\/\/www.alertaciudadana.info\/index.php?rest_route=%2Fwp%2Fv2%2Fcomments&post=13383"}],"version-history":[{"count":1,"href":"http:\/\/www.alertaciudadana.info\/index.php?rest_route=\/wp\/v2\/posts\/13383\/revisions"}],"predecessor-version":[{"id":13385,"href":"http:\/\/www.alertaciudadana.info\/index.php?rest_route=\/wp\/v2\/posts\/13383\/revisions\/13385"}],"wp:featuredmedia":[{"embeddable":true,"href":"http:\/\/www.alertaciudadana.info\/index.php?rest_route=\/wp\/v2\/media\/13384"}],"wp:attachment":[{"href":"http:\/\/www.alertaciudadana.info\/index.php?rest_route=%2Fwp%2Fv2%2Fmedia&parent=13383"}],"wp:term":[{"taxonomy":"category","embeddable":true,"href":"http:\/\/www.alertaciudadana.info\/index.php?rest_route=%2Fwp%2Fv2%2Fcategories&post=13383"},{"taxonomy":"post_tag","embeddable":true,"href":"http:\/\/www.alertaciudadana.info\/index.php?rest_route=%2Fwp%2Fv2%2Ftags&post=13383"}],"curies":[{"name":"wp","href":"https:\/\/api.w.org\/{rel}","templated":true}]}}