{"id":13194,"date":"2017-03-16T18:49:42","date_gmt":"2017-03-16T18:49:42","guid":{"rendered":"http:\/\/www.alertaciudadana.info\/?p=13194"},"modified":"2017-03-16T18:51:09","modified_gmt":"2017-03-16T18:51:09","slug":"detienen-a-secuestradores-en-cd-victoria","status":"publish","type":"post","link":"http:\/\/www.alertaciudadana.info\/?p=13194","title":{"rendered":"Detienen a secuestradores en Cd Victoria"},"content":{"rendered":"<h3><a href=\"http:\/\/www.alertaciudadana.info\/wp-content\/uploads\/2017\/03\/secuestrador.jpg\" rel=\"attachment wp-att-13195\"><img loading=\"lazy\" decoding=\"async\" class=\"alignnone size-medium wp-image-13195\" src=\"http:\/\/www.alertaciudadana.info\/wp-content\/uploads\/2017\/03\/secuestrador-169x300.jpg\" alt=\"secuestrador\" width=\"169\" height=\"300\" srcset=\"http:\/\/www.alertaciudadana.info\/wp-content\/uploads\/2017\/03\/secuestrador-169x300.jpg 169w, http:\/\/www.alertaciudadana.info\/wp-content\/uploads\/2017\/03\/secuestrador-576x1024.jpg 576w, http:\/\/www.alertaciudadana.info\/wp-content\/uploads\/2017\/03\/secuestrador.jpg 720w\" sizes=\"auto, (max-width: 169px) 100vw, 169px\" \/><\/a><a href=\"http:\/\/www.alertaciudadana.info\/wp-content\/uploads\/2017\/03\/secuestrador1.jpg\" rel=\"attachment wp-att-13197\"><img loading=\"lazy\" decoding=\"async\" class=\"alignnone size-medium wp-image-13197\" src=\"http:\/\/www.alertaciudadana.info\/wp-content\/uploads\/2017\/03\/secuestrador1-300x293.jpg\" alt=\"secuestrador1\" width=\"300\" height=\"293\" srcset=\"http:\/\/www.alertaciudadana.info\/wp-content\/uploads\/2017\/03\/secuestrador1-300x293.jpg 300w, http:\/\/www.alertaciudadana.info\/wp-content\/uploads\/2017\/03\/secuestrador1.jpg 495w\" sizes=\"auto, (max-width: 300px) 100vw, 300px\" \/><\/a><\/h3>\n<h3>Ciudad Victoria, Tamaulipas.- Dos integrantes de una banda dedicada al secuestro y desaparici\u00f3n de sus v\u00edctimas, entre ellos el de dos pescadores del municipio de Padilla, fueron detenidos los pasados d\u00edas 14 y 15 de marzo por elementos de la polic\u00eda en cumplimiento a \u00f3rdenes de aprehensi\u00f3n giradas por la autoridad judicial del Estado derivado de la consignaci\u00f3n realizada por el agente del Ministerio P\u00fablico adscrito a la Coordinaci\u00f3n Estatal Antisecuestros.<\/h3>\n<h3>La Procuradur\u00eda General de Justicia de Tamaulipas inform\u00f3 que ambos imputados, H\u00e9ctor Abdiel \u201cN\u201d y Antonio C\u00e9sar \u201cN\u201d, ser\u00e1n presentados a juicio por su probable responsabilidad en secuestro agravado, homicidio calificado y asociaci\u00f3n delictuosa.<\/h3>\n<h3>De acuerdo a las investigaciones, los detenidos est\u00e1n se\u00f1alados de haber participado con un grupo armado en el secuestro de Juan Manuel \u201cN\u201d y Gregorio \u201cN\u201d, cometido en las inmediaciones de Ciudad Victoria el 23 de septiembre de 2015, cuando ven\u00edan a la capital del estado para vender su pescado.<\/h3>\n<h3>El grupo secuestrador cobr\u00f3 a la familia de los pescadores dinero en efectivo y obtuvieron documentos de una camioneta as\u00ed como de una lancha. Pero al final no los liberaron.<\/h3>\n<h3>El 26 de septiembre de 2016 fue aprehendido uno de los miembros de la banda de nombre Jos\u00e9 Guadalupe \u201cN\u201d en posesi\u00f3n de varios recipientes de gasolina, combustible que utilizaba -seg\u00fan su confesi\u00f3n- para desaparecer a las v\u00edctimas. De la continuidad de la investigaci\u00f3n se identific\u00f3 a varios miembros del grupo criminal as\u00ed<\/h3>\n<h3>como el sitio donde se hab\u00edan depositado los restos de los secuestrados.<\/h3>\n<h3>Con la informaci\u00f3n procesada se solicitaron las correspondientes \u00f3rdenes de Aprehensi\u00f3n en contra de Antonio C\u00e9sar \u201cN\u201d y H\u00e9ctor Abdiel \u201cN\u201d, cumplimentadas los d\u00edas 14 de este mes en el primer caso y el d\u00eda 15, en el segundo.<\/h3>\n<h3>La localizaci\u00f3n de ambos se realiz\u00f3 despu\u00e9s de un trabajo de seguimiento de la informaci\u00f3n y de inteligencia policial.<\/h3>\n<h3>Con acciones como esta el Gobierno del Estado refrenda su compromiso de atender las denuncias presentadas por la sociedad ante delitos que requieran de su informaci\u00f3n.<\/h3>\n","protected":false},"excerpt":{"rendered":"<p>Ciudad Victoria, Tamaulipas.- Dos integrantes de una banda dedicada al secuestro y desaparici\u00f3n de sus v\u00edctimas, entre ellos el de&hellip;<\/p>\n","protected":false},"author":1,"featured_media":13195,"comment_status":"open","ping_status":"open","sticky":false,"template":"","format":"standard","meta":{"footnotes":""},"categories":[1,4],"tags":[],"class_list":["post-13194","post","type-post","status-publish","format-standard","has-post-thumbnail","hentry","category-destacados","category-tamaulipas"],"_links":{"self":[{"href":"http:\/\/www.alertaciudadana.info\/index.php?rest_route=\/wp\/v2\/posts\/13194","targetHints":{"allow":["GET"]}}],"collection":[{"href":"http:\/\/www.alertaciudadana.info\/index.php?rest_route=\/wp\/v2\/posts"}],"about":[{"href":"http:\/\/www.alertaciudadana.info\/index.php?rest_route=\/wp\/v2\/types\/post"}],"author":[{"embeddable":true,"href":"http:\/\/www.alertaciudadana.info\/index.php?rest_route=\/wp\/v2\/users\/1"}],"replies":[{"embeddable":true,"href":"http:\/\/www.alertaciudadana.info\/index.php?rest_route=%2Fwp%2Fv2%2Fcomments&post=13194"}],"version-history":[{"count":2,"href":"http:\/\/www.alertaciudadana.info\/index.php?rest_route=\/wp\/v2\/posts\/13194\/revisions"}],"predecessor-version":[{"id":13198,"href":"http:\/\/www.alertaciudadana.info\/index.php?rest_route=\/wp\/v2\/posts\/13194\/revisions\/13198"}],"wp:featuredmedia":[{"embeddable":true,"href":"http:\/\/www.alertaciudadana.info\/index.php?rest_route=\/wp\/v2\/media\/13195"}],"wp:attachment":[{"href":"http:\/\/www.alertaciudadana.info\/index.php?rest_route=%2Fwp%2Fv2%2Fmedia&parent=13194"}],"wp:term":[{"taxonomy":"category","embeddable":true,"href":"http:\/\/www.alertaciudadana.info\/index.php?rest_route=%2Fwp%2Fv2%2Fcategories&post=13194"},{"taxonomy":"post_tag","embeddable":true,"href":"http:\/\/www.alertaciudadana.info\/index.php?rest_route=%2Fwp%2Fv2%2Ftags&post=13194"}],"curies":[{"name":"wp","href":"https:\/\/api.w.org\/{rel}","templated":true}]}}