{"id":13189,"date":"2017-03-16T04:10:20","date_gmt":"2017-03-16T04:10:20","guid":{"rendered":"http:\/\/www.alertaciudadana.info\/?p=13189"},"modified":"2017-03-16T04:10:20","modified_gmt":"2017-03-16T04:10:20","slug":"preside-gobernador-cabeza-de-vaca-primera-sesion-de-la-nueva-comision-estatal-de-energia","status":"publish","type":"post","link":"http:\/\/www.alertaciudadana.info\/?p=13189","title":{"rendered":"Preside gobernador Cabeza de Vaca primera sesion de la nueva comision estatal de energia"},"content":{"rendered":"<h3><a href=\"http:\/\/www.alertaciudadana.info\/wp-content\/uploads\/2017\/03\/aa-1.jpg\" rel=\"attachment wp-att-13190\"><img loading=\"lazy\" decoding=\"async\" class=\"alignnone size-medium wp-image-13190\" src=\"http:\/\/www.alertaciudadana.info\/wp-content\/uploads\/2017\/03\/aa-1-300x200.jpg\" alt=\"aa\" width=\"300\" height=\"200\" srcset=\"http:\/\/www.alertaciudadana.info\/wp-content\/uploads\/2017\/03\/aa-1-300x200.jpg 300w, http:\/\/www.alertaciudadana.info\/wp-content\/uploads\/2017\/03\/aa-1-768x512.jpg 768w, http:\/\/www.alertaciudadana.info\/wp-content\/uploads\/2017\/03\/aa-1-1024x682.jpg 1024w, http:\/\/www.alertaciudadana.info\/wp-content\/uploads\/2017\/03\/aa-1.jpg 1280w\" sizes=\"auto, (max-width: 300px) 100vw, 300px\" \/><\/a><\/h3>\n<h3>Ciudad Victoria, Tamaulipas.- El Gobernador Francisco Garc\u00eda Cabeza de Vaca presidi\u00f3 en esta capital la ceremonia de Instalaci\u00f3n y la Primera Sesi\u00f3n Ordinaria de la Junta de Gobierno de la Comisi\u00f3n de Energ\u00eda de Tamaulipas, con lo cual la entidad se coloca como un estado pionero en crear un organismo de esta naturaleza.<\/h3>\n<h3>\u201cEstoy plenamente convencido que esta Comisi\u00f3n no solamente est\u00e1 mandando un mensaje a nivel nacional, si no tambi\u00e9n internacional al convertirse en la primera en la historia de este pa\u00eds que tiene un estado, que de forma paralela va a generar confianza a los inversionistas\u201d, destac\u00f3.<\/h3>\n<h3>Ante la presencia del titular de la Comisi\u00f3n Nacional de Hidrocarburos, Juan Carlos Zepeda Molina, el mandatario estatal se\u00f1al\u00f3 que la creaci\u00f3n de esta Comisi\u00f3n sin duda alguna viene a fortalecer y a darle seguimiento a un hecho trascendental como es la Reforma Energ\u00e9tica, as\u00ed como a dar un paso adicional para fortalecer las acciones de la misma.<\/h3>\n<h3>\u201cPara m\u00ed en lo personal pero sobre todo para el Gobierno del Estado, la creaci\u00f3n de esta Comisi\u00f3n representa ver cristalizado uno de los tantos anhelos que tienen los tamaulipecos de ver beneficios internos a una reforma, la reforma Energ\u00e9tica que costo tant\u00edsimo esfuerzo\u201d, puntualiz\u00f3.<\/h3>\n<h3>El titular del Ejecutivo Estatal detall\u00f3 tambi\u00e9n que la Comisi\u00f3n de Energ\u00eda de Tamaulipas va a coadyuvar inclusive con la Comisi\u00f3n Nacional de Hidrocarburos, como tambi\u00e9n como con la Comisi\u00f3n Reguladora de Energ\u00eda.<\/h3>\n<h3>En su intervenci\u00f3n, el titular de la Comisi\u00f3n Nacional de Hidrocarburos, Juan Carlos Zepeda Molina, resalt\u00f3 la creaci\u00f3n de este este organismo tan importante<\/h3>\n<h3>que es la Comisi\u00f3n de Energ\u00eda de Tamaulipas (CETAM), con lo cual este estado se convierte en un referente para otras entidades toda vez que es fundamental tener una comisi\u00f3n en materia de energ\u00eda que materialice y que ayude a aterrizar con \u00e9xito los beneficios de la Reforma Energ\u00e9tica.<\/h3>\n<h3>\u201cLa reforma ya lleg\u00f3 y ahora de la mano de usted Gobernador y en coordinaci\u00f3n con CETAM la vamos a materializar con \u00e9xito y les dej\u00f3 mi humilde solicitud y<\/h3>\n<h3>compromiso de trabajar de la mano para que podamos potenciar y aterrizar con \u00e9xito esta transformaci\u00f3n en Tamaulipas\u201d, precis\u00f3 el funcionario federal.<\/h3>\n<h3>Durante el evento realizado en las instalaciones del sal\u00f3n Independencia de palacio de Gobierno con la asistencia de integrantes de la Junta de Gobierno, el titular de la Comisi\u00f3n de Energ\u00eda de Tamaulipas, Andr\u00e9s Alejandro Fusco Clynes, dio a conocer los lineamientos y acciones que este organismo tendr\u00e1 en marcha en Tamaulipas, a fin de aprovechar las bondades que ofrece la reforma Energ\u00e9tica<\/h3>\n<h3>De acuerdo a un decreto publicado en el Peri\u00f3dico Oficial del estado, a partir del primer d\u00eda de marzo inici\u00f3 en operaciones la Comisi\u00f3n de Energ\u00eda de Tamaulipas, como organismo con mayores facultades para promover y atender la inversi\u00f3n en materia de energ\u00e9ticos en la entidad y que sustituye a la Agencia Estatal de Energ\u00eda.<\/h3>\n<h3>La Junta de Gobierno de la Comisi\u00f3n est\u00e1 integrada por el Gobernador, los Secretarios estatales de Administraci\u00f3n, Jes\u00fas Nader; Desarrollo Urbano y Medio Ambiente, Gilberto Estrella; Finanzas, Mar\u00eda Gabriela Garc\u00eda y en representaci\u00f3n de los alcaldes de Tamaulipas, el Presidente municipal de Nuevo Laredo, Enrique Rivas Cu\u00e9llar.<\/h3>\n<h3>Tambi\u00e9n forman parte de \u00e9l el Director del Consejo Tamaulipeco de Ciencia y Tecnolog\u00eda, Arnoldo de la Garza y Alfonso Hern\u00e1ndez Acevedo, como representante ciudadano.<\/h3>\n","protected":false},"excerpt":{"rendered":"<p>Ciudad Victoria, Tamaulipas.- El Gobernador Francisco Garc\u00eda Cabeza de Vaca presidi\u00f3 en esta capital la ceremonia de Instalaci\u00f3n y la&hellip;<\/p>\n","protected":false},"author":1,"featured_media":13191,"comment_status":"open","ping_status":"open","sticky":false,"template":"","format":"standard","meta":{"footnotes":""},"categories":[16,1],"tags":[],"class_list":["post-13189","post","type-post","status-publish","format-standard","has-post-thumbnail","hentry","category-ciudadvictoria","category-destacados"],"_links":{"self":[{"href":"http:\/\/www.alertaciudadana.info\/index.php?rest_route=\/wp\/v2\/posts\/13189","targetHints":{"allow":["GET"]}}],"collection":[{"href":"http:\/\/www.alertaciudadana.info\/index.php?rest_route=\/wp\/v2\/posts"}],"about":[{"href":"http:\/\/www.alertaciudadana.info\/index.php?rest_route=\/wp\/v2\/types\/post"}],"author":[{"embeddable":true,"href":"http:\/\/www.alertaciudadana.info\/index.php?rest_route=\/wp\/v2\/users\/1"}],"replies":[{"embeddable":true,"href":"http:\/\/www.alertaciudadana.info\/index.php?rest_route=%2Fwp%2Fv2%2Fcomments&post=13189"}],"version-history":[{"count":1,"href":"http:\/\/www.alertaciudadana.info\/index.php?rest_route=\/wp\/v2\/posts\/13189\/revisions"}],"predecessor-version":[{"id":13192,"href":"http:\/\/www.alertaciudadana.info\/index.php?rest_route=\/wp\/v2\/posts\/13189\/revisions\/13192"}],"wp:featuredmedia":[{"embeddable":true,"href":"http:\/\/www.alertaciudadana.info\/index.php?rest_route=\/wp\/v2\/media\/13191"}],"wp:attachment":[{"href":"http:\/\/www.alertaciudadana.info\/index.php?rest_route=%2Fwp%2Fv2%2Fmedia&parent=13189"}],"wp:term":[{"taxonomy":"category","embeddable":true,"href":"http:\/\/www.alertaciudadana.info\/index.php?rest_route=%2Fwp%2Fv2%2Fcategories&post=13189"},{"taxonomy":"post_tag","embeddable":true,"href":"http:\/\/www.alertaciudadana.info\/index.php?rest_route=%2Fwp%2Fv2%2Ftags&post=13189"}],"curies":[{"name":"wp","href":"https:\/\/api.w.org\/{rel}","templated":true}]}}