{"id":13187,"date":"2017-03-16T02:46:29","date_gmt":"2017-03-16T02:46:29","guid":{"rendered":"http:\/\/www.alertaciudadana.info\/?p=13187"},"modified":"2017-03-16T02:46:29","modified_gmt":"2017-03-16T02:46:29","slug":"toma-protesta-la-nueva-mesa-directiva-de-la-ampi-reynosa","status":"publish","type":"post","link":"http:\/\/www.alertaciudadana.info\/?p=13187","title":{"rendered":"Toma protesta la nueva mesa directiva de la AMPI Reynosa"},"content":{"rendered":"<h3><a href=\"http:\/\/www.alertaciudadana.info\/wp-content\/uploads\/2017\/03\/IMG_0024.jpg\" rel=\"attachment wp-att-13155\"><img loading=\"lazy\" decoding=\"async\" class=\"alignnone size-medium wp-image-13155\" src=\"http:\/\/www.alertaciudadana.info\/wp-content\/uploads\/2017\/03\/IMG_0024-300x169.jpg\" alt=\"IMG_0024\" width=\"300\" height=\"169\" srcset=\"http:\/\/www.alertaciudadana.info\/wp-content\/uploads\/2017\/03\/IMG_0024-300x169.jpg 300w, http:\/\/www.alertaciudadana.info\/wp-content\/uploads\/2017\/03\/IMG_0024-768x432.jpg 768w, http:\/\/www.alertaciudadana.info\/wp-content\/uploads\/2017\/03\/IMG_0024-1024x576.jpg 1024w, http:\/\/www.alertaciudadana.info\/wp-content\/uploads\/2017\/03\/IMG_0024.jpg 1920w\" sizes=\"auto, (max-width: 300px) 100vw, 300px\" \/><\/a><\/h3>\n<h3>Claudia Alicia Fuentes Tovar asume la presidencia y Erick Arriaga como\u00a0como vice-presidente En presencia del Delegado Estatal del Instituto Nacional del Fondo de Vivienda para los Trabajadores (Infonavit) Roberto Darwing Marroquin, autoridades municipales e invitados especiales tom\u00f3 protesta la nueva mesa directiva de la Asociaci\u00f3n Mexicana de Profesionales Inmobiliarios (AMPI) en esta frontera.<\/h3>\n<h3>Darwing Marroquin, felicit\u00f3 a los integrantes de la nueva mesa directiva, y refrend\u00f3 el compromiso del instituto para apoyar las actividades de la asociaci\u00f3n y participar con ellos en beneficio de los trabajadores. En su mensaje Claudia Alicia Fuentes Tovar, reconoci\u00f3 y agradeci\u00f3 el apoyo de los asociados al tiempo que envi\u00f3 un saludo a la presidenta nacional de AMPI, Beatriz\u00a0Gamboa Lago, a quien le agradeci\u00f3 tambi\u00e9n por la confianza y la oportunidad de servir, comprometiendose a trabajar de la mano con las instituciones para seguir brindando un servicio de calidad.<\/h3>\n<h3>\u00abTengo ahora el compromiso de trabajar mucho y continuar ofreciendo la asesor\u00eda y respaldo en nuestra pol\u00edtica de bienes ra\u00edces y consultor\u00eda profesional a todos los usuarios, cuidando y protegiendo su patrimonio esperamos contar pronto con la legislaci\u00f3n en materia inmobiliaria de la cual Tamaulipas es promotor ejemplar a nivel nacional y as\u00ed darle el marco jur\u00eddico y protecci\u00f3n a nuestro trabajo\u00bb, se\u00f1al\u00f3.<\/h3>\n<h3>Fuentes Tovar destac\u00f3 que dentro sus actividades AMPI realizar\u00e1 una serie de encuentros con sectores y organismos, se\u00f1alando que en septiembre pr\u00f3ximo habr\u00e1 de celebrarse el Congreso Regional en Matamoros con la participaci\u00f3n de los empresarios de la rama inmobiliaria. En este evento estuvieron presentes N\u00e9stor Gonz\u00e1lez Meza, director de Predial y Catastro del municpio con la representaci\u00f3n de la alcaldesa Maki Ortiz Dom\u00ednguez, Roberto Salinas Ferrer, presidente de la C\u00e1mara Mexicana de la Industria de la Construcci\u00f3n, asi como Miguel Angel Rodr\u00edguez, presidente saliente de la AMPI y Salvador Sacal Cababie, vicepresidente de Relaciones Institucionales<\/h3>\n<div id=\"js_90\" class=\"_1ia\">\n<div class=\"_4g6x\">\n<div class=\"_4g6y\">\n<div class=\"_4g6z _4g6- _4g6_\"><\/div>\n<\/div>\n<\/div>\n<div class=\"_2v5j\" data-ft=\"{&quot;tn&quot;:&quot;+L&quot;}\">\n<div class=\"fbNubFlyoutBody scrollable\">\n<div class=\"fbNubFlyoutBodyContent\">\n<table class=\"uiGrid _51mz conversationContainer\" style=\"height: 5px;\" width=\"5\" cellspacing=\"0\" cellpadding=\"0\">\n<tbody>\n<tr class=\"_51mx\">\n<td class=\"_51m- vBot _51mw\">\n<div class=\"accessible_elem\"><\/div>\n<div class=\"conversation\"><\/div>\n<div class=\"conversation\">\n<div>\n<div>\n<div class=\"_4tdt _ua0\">\n<div class=\"_ua2\">\n<div class=\"_4tdv\">\n<div class=\"_5wd4 _1nc6 direction_ltr\">\n<div class=\"_h8t\">\n<div class=\"_5wd9\" data-hover=\"tooltip\" data-tooltip-content=\"Martes 21:08\" data-tooltip-position=\"right\">\n<div class=\"_5wde _n4o\">\n<div class=\"_5w1r _3_om _5wdf\">\n<div class=\"_4gx_\">\n<div class=\"_d97\"><\/div>\n<\/div>\n<\/div>\n<\/div>\n<\/div>\n<\/div>\n<\/div>\n<\/div>\n<\/div>\n<\/div>\n<p><time class=\"_5w-5\"><\/time><\/p>\n<div class=\"_4tdt _ua1\">\n<div class=\"_ua2\">\n<div class=\"_4tdv\">\n<div class=\"_5wd4 _1nc7 direction_ltr\">\n<div class=\"_h8t\">\n<div class=\"_5wd9\">\n<div class=\"_5wde _n4o\">\n<div class=\"_5w1r _3_om _5wdf\">\n<div class=\"_4gx_\">\n<div class=\"_d97\"><\/div>\n<\/div>\n<\/div>\n<\/div>\n<\/div>\n<\/div>\n<\/div>\n<\/div>\n<\/div>\n<\/div>\n<\/div>\n<\/div>\n<\/div>\n<\/td>\n<\/tr>\n<\/tbody>\n<\/table>\n<\/div>\n<\/div>\n<\/div>\n<\/div>\n","protected":false},"excerpt":{"rendered":"<p>Claudia Alicia Fuentes Tovar asume la presidencia y Erick Arriaga como\u00a0como vice-presidente En presencia del Delegado Estatal del Instituto Nacional&hellip;<\/p>\n","protected":false},"author":1,"featured_media":13154,"comment_status":"open","ping_status":"open","sticky":false,"template":"","format":"standard","meta":{"footnotes":""},"categories":[1,2],"tags":[],"class_list":["post-13187","post","type-post","status-publish","format-standard","has-post-thumbnail","hentry","category-destacados","category-reynosa"],"_links":{"self":[{"href":"http:\/\/www.alertaciudadana.info\/index.php?rest_route=\/wp\/v2\/posts\/13187","targetHints":{"allow":["GET"]}}],"collection":[{"href":"http:\/\/www.alertaciudadana.info\/index.php?rest_route=\/wp\/v2\/posts"}],"about":[{"href":"http:\/\/www.alertaciudadana.info\/index.php?rest_route=\/wp\/v2\/types\/post"}],"author":[{"embeddable":true,"href":"http:\/\/www.alertaciudadana.info\/index.php?rest_route=\/wp\/v2\/users\/1"}],"replies":[{"embeddable":true,"href":"http:\/\/www.alertaciudadana.info\/index.php?rest_route=%2Fwp%2Fv2%2Fcomments&post=13187"}],"version-history":[{"count":1,"href":"http:\/\/www.alertaciudadana.info\/index.php?rest_route=\/wp\/v2\/posts\/13187\/revisions"}],"predecessor-version":[{"id":13188,"href":"http:\/\/www.alertaciudadana.info\/index.php?rest_route=\/wp\/v2\/posts\/13187\/revisions\/13188"}],"wp:featuredmedia":[{"embeddable":true,"href":"http:\/\/www.alertaciudadana.info\/index.php?rest_route=\/wp\/v2\/media\/13154"}],"wp:attachment":[{"href":"http:\/\/www.alertaciudadana.info\/index.php?rest_route=%2Fwp%2Fv2%2Fmedia&parent=13187"}],"wp:term":[{"taxonomy":"category","embeddable":true,"href":"http:\/\/www.alertaciudadana.info\/index.php?rest_route=%2Fwp%2Fv2%2Fcategories&post=13187"},{"taxonomy":"post_tag","embeddable":true,"href":"http:\/\/www.alertaciudadana.info\/index.php?rest_route=%2Fwp%2Fv2%2Ftags&post=13187"}],"curies":[{"name":"wp","href":"https:\/\/api.w.org\/{rel}","templated":true}]}}