{"id":12772,"date":"2017-03-07T20:51:38","date_gmt":"2017-03-07T20:51:38","guid":{"rendered":"http:\/\/www.alertaciudadana.info\/?p=12772"},"modified":"2017-03-07T20:51:38","modified_gmt":"2017-03-07T20:51:38","slug":"combaten-rezago-en-carencias-sociales-en-tamaulipas","status":"publish","type":"post","link":"http:\/\/www.alertaciudadana.info\/?p=12772","title":{"rendered":"Combaten rezago en carencias sociales en Tamaulipas"},"content":{"rendered":"<h3><a href=\"http:\/\/www.alertaciudadana.info\/wp-content\/uploads\/2017\/03\/17156316_218743298530168_4656576096107674174_n.jpg\" rel=\"attachment wp-att-12773\"><img loading=\"lazy\" decoding=\"async\" class=\"alignnone size-medium wp-image-12773\" src=\"http:\/\/www.alertaciudadana.info\/wp-content\/uploads\/2017\/03\/17156316_218743298530168_4656576096107674174_n-300x199.jpg\" alt=\"17156316_218743298530168_4656576096107674174_n\" width=\"300\" height=\"199\" srcset=\"http:\/\/www.alertaciudadana.info\/wp-content\/uploads\/2017\/03\/17156316_218743298530168_4656576096107674174_n-300x199.jpg 300w, http:\/\/www.alertaciudadana.info\/wp-content\/uploads\/2017\/03\/17156316_218743298530168_4656576096107674174_n.jpg 480w\" sizes=\"auto, (max-width: 300px) 100vw, 300px\" \/><\/a><\/h3>\n<h3>Ciudad Victoria, Tam.-El Gobernador del Estado de Tamaulipas, C. Francisco Garc\u00eda Cabeza de Vaca y la Congregaci\u00f3n Mariana Trinitaria (CMT) que preside Catalina Mendoza Arredondo, firmaron convenio de colaboraci\u00f3n para unir esfuerzos en acciones que combatan el rezago en carencias sociales en Tamaulipas.<\/h3>\n<h3>\nA trav\u00e9s de este convenio, la congregaci\u00f3n aportar\u00e1 250 millones de pesos, los cuales ser\u00e1n aplicados en acciones dirigidas al apoyo a quienes viven en situaciones de razago.<\/h3>\n<h3>\nSuscribieron tambi\u00e9n este convenio, el secretario de Bienestar Social, Gerardo Pe\u00f1a Flores y David Leyva Mendoza, director general de la CMT.<\/h3>\n","protected":false},"excerpt":{"rendered":"<p>Ciudad Victoria, Tam.-El Gobernador del Estado de Tamaulipas, C. Francisco Garc\u00eda Cabeza de Vaca y la Congregaci\u00f3n Mariana Trinitaria (CMT)&hellip;<\/p>\n","protected":false},"author":1,"featured_media":12773,"comment_status":"open","ping_status":"open","sticky":false,"template":"","format":"standard","meta":{"footnotes":""},"categories":[16,1,4],"tags":[],"class_list":["post-12772","post","type-post","status-publish","format-standard","has-post-thumbnail","hentry","category-ciudadvictoria","category-destacados","category-tamaulipas"],"_links":{"self":[{"href":"http:\/\/www.alertaciudadana.info\/index.php?rest_route=\/wp\/v2\/posts\/12772","targetHints":{"allow":["GET"]}}],"collection":[{"href":"http:\/\/www.alertaciudadana.info\/index.php?rest_route=\/wp\/v2\/posts"}],"about":[{"href":"http:\/\/www.alertaciudadana.info\/index.php?rest_route=\/wp\/v2\/types\/post"}],"author":[{"embeddable":true,"href":"http:\/\/www.alertaciudadana.info\/index.php?rest_route=\/wp\/v2\/users\/1"}],"replies":[{"embeddable":true,"href":"http:\/\/www.alertaciudadana.info\/index.php?rest_route=%2Fwp%2Fv2%2Fcomments&post=12772"}],"version-history":[{"count":1,"href":"http:\/\/www.alertaciudadana.info\/index.php?rest_route=\/wp\/v2\/posts\/12772\/revisions"}],"predecessor-version":[{"id":12774,"href":"http:\/\/www.alertaciudadana.info\/index.php?rest_route=\/wp\/v2\/posts\/12772\/revisions\/12774"}],"wp:featuredmedia":[{"embeddable":true,"href":"http:\/\/www.alertaciudadana.info\/index.php?rest_route=\/wp\/v2\/media\/12773"}],"wp:attachment":[{"href":"http:\/\/www.alertaciudadana.info\/index.php?rest_route=%2Fwp%2Fv2%2Fmedia&parent=12772"}],"wp:term":[{"taxonomy":"category","embeddable":true,"href":"http:\/\/www.alertaciudadana.info\/index.php?rest_route=%2Fwp%2Fv2%2Fcategories&post=12772"},{"taxonomy":"post_tag","embeddable":true,"href":"http:\/\/www.alertaciudadana.info\/index.php?rest_route=%2Fwp%2Fv2%2Ftags&post=12772"}],"curies":[{"name":"wp","href":"https:\/\/api.w.org\/{rel}","templated":true}]}}