{"id":11944,"date":"2017-02-01T01:30:42","date_gmt":"2017-02-01T01:30:42","guid":{"rendered":"http:\/\/www.alertaciudadana.info\/?p=11944"},"modified":"2017-02-01T01:30:42","modified_gmt":"2017-02-01T01:30:42","slug":"presenta-informe-anual-codhet","status":"publish","type":"post","link":"http:\/\/www.alertaciudadana.info\/?p=11944","title":{"rendered":"Presenta Informe Anual CODHET"},"content":{"rendered":"<p><a href=\"http:\/\/www.alertaciudadana.info\/wp-content\/uploads\/2017\/02\/gob.jpg\" rel=\"attachment wp-att-11945\"><img loading=\"lazy\" decoding=\"async\" class=\"alignnone size-medium wp-image-11945\" src=\"http:\/\/www.alertaciudadana.info\/wp-content\/uploads\/2017\/02\/gob-300x225.jpg\" alt=\"gob\" width=\"300\" height=\"225\" srcset=\"http:\/\/www.alertaciudadana.info\/wp-content\/uploads\/2017\/02\/gob-300x225.jpg 300w, http:\/\/www.alertaciudadana.info\/wp-content\/uploads\/2017\/02\/gob-768x576.jpg 768w, http:\/\/www.alertaciudadana.info\/wp-content\/uploads\/2017\/02\/gob-1024x768.jpg 1024w, http:\/\/www.alertaciudadana.info\/wp-content\/uploads\/2017\/02\/gob.jpg 1280w\" sizes=\"auto, (max-width: 300px) 100vw, 300px\" \/><\/a><\/p>\n<p>Cd. Victoria, Tam.- El Gobierno de Tamaulipas y la Sexag\u00e9sima Tercera Legislatura de Tamaulipas, recibieron el informe anual de labores 2016 que realiza la Comisi\u00f3n de Derechos Humanos del Estado de Tamaulipas, que preside Jos\u00e9 Mart\u00edn Garc\u00eda Mart\u00ednez, en un acto celebrado en el Polyforum de Victoria.<\/p>\n<p>Correspondi\u00f3 al Secretario General de Gobierno, C\u00e9sar Augusto Verastegui Ostos, representante del Gobernador, Francisco Garc\u00eda Cabeza de Vaca y al Presidente de la Junta de Coordinaci\u00f3n Pol\u00edtica del Congreso de Tamaulipas, Carlos Alberto Garc\u00eda Gonz\u00e1lez, recibir el informe que plasma el trabajo realizado en defensa de los derechos humanos durante el a\u00f1o pr\u00f3ximo pasado.<\/p>\n<p>En observancia a lo que establece la fracci\u00f3n octava del art\u00edculo 22 de la Ley de la Comisi\u00f3n de Derechos Humanos del Estado, la Sexag\u00e9sima Tercera Legislatura de Tamaulipas fue informada de las actividades donde se impulsaron y protegieron los derechos de la ciudadan\u00eda tamaulipeca.<\/p>\n<p>Como testigos de este acto, estuvieron en el pres\u00eddium, el magistrado, Ra\u00fal Robles Caballero, en representaci\u00f3n del Presidente del Supremo Tribunal de Justicia, Horacio Ortiz; la Primer S\u00edndico, Alejandra C\u00e1rdenas, en representaci\u00f3n del Presidente Municipal de Ciudad Victoria, Oscar Almaraz Smer y el Presidente de la Comisi\u00f3n de Derechos Humanos en el Congreso, Jos\u00e9 Ciro Hern\u00e1ndez.<\/p>\n<p>En voz del Diputado Carlos Garc\u00eda, la Junta de Coordinaci\u00f3n Pol\u00edtica reconoci\u00f3 el trabajo de la Comisi\u00f3n de Derechos Humanos del Estado de Tamaulipas, en aras de defender los agravios que pudieran presentarse por parte deinstituciones p\u00fablicas y privadas en contra de los ciudadanos.<\/p>\n<p>Convencido de que luchar por la defensa de los Derechos Humanos, debe ser causa de todas las instituciones, el Congreso no es ajeno a esta responsabilidad que atiende como parte de su cultura y responsabilidad cotidiana.<\/p>\n","protected":false},"excerpt":{"rendered":"<p>Cd. Victoria, Tam.- El Gobierno de Tamaulipas y la Sexag\u00e9sima Tercera Legislatura de Tamaulipas, recibieron el informe anual de labores&hellip;<\/p>\n","protected":false},"author":1,"featured_media":11945,"comment_status":"open","ping_status":"open","sticky":false,"template":"","format":"standard","meta":{"footnotes":""},"categories":[16,1],"tags":[],"class_list":["post-11944","post","type-post","status-publish","format-standard","has-post-thumbnail","hentry","category-ciudadvictoria","category-destacados"],"_links":{"self":[{"href":"http:\/\/www.alertaciudadana.info\/index.php?rest_route=\/wp\/v2\/posts\/11944","targetHints":{"allow":["GET"]}}],"collection":[{"href":"http:\/\/www.alertaciudadana.info\/index.php?rest_route=\/wp\/v2\/posts"}],"about":[{"href":"http:\/\/www.alertaciudadana.info\/index.php?rest_route=\/wp\/v2\/types\/post"}],"author":[{"embeddable":true,"href":"http:\/\/www.alertaciudadana.info\/index.php?rest_route=\/wp\/v2\/users\/1"}],"replies":[{"embeddable":true,"href":"http:\/\/www.alertaciudadana.info\/index.php?rest_route=%2Fwp%2Fv2%2Fcomments&post=11944"}],"version-history":[{"count":1,"href":"http:\/\/www.alertaciudadana.info\/index.php?rest_route=\/wp\/v2\/posts\/11944\/revisions"}],"predecessor-version":[{"id":11946,"href":"http:\/\/www.alertaciudadana.info\/index.php?rest_route=\/wp\/v2\/posts\/11944\/revisions\/11946"}],"wp:featuredmedia":[{"embeddable":true,"href":"http:\/\/www.alertaciudadana.info\/index.php?rest_route=\/wp\/v2\/media\/11945"}],"wp:attachment":[{"href":"http:\/\/www.alertaciudadana.info\/index.php?rest_route=%2Fwp%2Fv2%2Fmedia&parent=11944"}],"wp:term":[{"taxonomy":"category","embeddable":true,"href":"http:\/\/www.alertaciudadana.info\/index.php?rest_route=%2Fwp%2Fv2%2Fcategories&post=11944"},{"taxonomy":"post_tag","embeddable":true,"href":"http:\/\/www.alertaciudadana.info\/index.php?rest_route=%2Fwp%2Fv2%2Ftags&post=11944"}],"curies":[{"name":"wp","href":"https:\/\/api.w.org\/{rel}","templated":true}]}}