{"id":11426,"date":"2017-01-12T02:08:56","date_gmt":"2017-01-12T02:08:56","guid":{"rendered":"http:\/\/www.alertaciudadana.info\/?p=11426"},"modified":"2017-01-12T02:08:56","modified_gmt":"2017-01-12T02:08:56","slug":"sancionaran-a-funcionario-ebrio","status":"publish","type":"post","link":"http:\/\/www.alertaciudadana.info\/?p=11426","title":{"rendered":"Sancionar\u00e1n a funcionario ebrio"},"content":{"rendered":"<p><a href=\"http:\/\/www.alertaciudadana.info\/wp-content\/uploads\/2017\/01\/t1-1484160648-621x354.jpg\" rel=\"attachment wp-att-11428\"><img loading=\"lazy\" decoding=\"async\" class=\"alignnone size-medium wp-image-11428\" src=\"http:\/\/www.alertaciudadana.info\/wp-content\/uploads\/2017\/01\/t1-1484160648-621x354-300x171.jpg\" alt=\"t1-1484160648-621x354\" width=\"300\" height=\"171\" srcset=\"http:\/\/www.alertaciudadana.info\/wp-content\/uploads\/2017\/01\/t1-1484160648-621x354-300x171.jpg 300w, http:\/\/www.alertaciudadana.info\/wp-content\/uploads\/2017\/01\/t1-1484160648-621x354.jpg 621w\" sizes=\"auto, (max-width: 300px) 100vw, 300px\" \/><\/a><\/p>\n<p>Ciudad Victoria, Tam.- En relaci\u00f3n al percance vehicular en el que se vio involucrado el Subsecretario de Medio Ambiente del Gobierno de Tamaulipas, Roberto Salinas Salinas, se informa que el funcionario fue puesto a disposici\u00f3n de la Contralor\u00eda Gubernamental, para que inicie el procedimiento administrativo correspondiente.<\/p>\n<p>El Gobierno del Estado reitera que, no existir\u00e1 tolerancia al personal que incurra en incumplimiento o irresponsabilidades como servidores p\u00fablicos y se tomar\u00e1n las medidas correspondientes para imponer la sanci\u00f3n que cada caso amerite, que puede incluir la destituci\u00f3n del empleado.<\/p>\n","protected":false},"excerpt":{"rendered":"<p>Ciudad Victoria, Tam.- En relaci\u00f3n al percance vehicular en el que se vio involucrado el Subsecretario de Medio Ambiente del&hellip;<\/p>\n","protected":false},"author":1,"featured_media":11427,"comment_status":"open","ping_status":"open","sticky":false,"template":"","format":"standard","meta":{"footnotes":""},"categories":[16,1,4],"tags":[],"class_list":["post-11426","post","type-post","status-publish","format-standard","has-post-thumbnail","hentry","category-ciudadvictoria","category-destacados","category-tamaulipas"],"_links":{"self":[{"href":"http:\/\/www.alertaciudadana.info\/index.php?rest_route=\/wp\/v2\/posts\/11426","targetHints":{"allow":["GET"]}}],"collection":[{"href":"http:\/\/www.alertaciudadana.info\/index.php?rest_route=\/wp\/v2\/posts"}],"about":[{"href":"http:\/\/www.alertaciudadana.info\/index.php?rest_route=\/wp\/v2\/types\/post"}],"author":[{"embeddable":true,"href":"http:\/\/www.alertaciudadana.info\/index.php?rest_route=\/wp\/v2\/users\/1"}],"replies":[{"embeddable":true,"href":"http:\/\/www.alertaciudadana.info\/index.php?rest_route=%2Fwp%2Fv2%2Fcomments&post=11426"}],"version-history":[{"count":1,"href":"http:\/\/www.alertaciudadana.info\/index.php?rest_route=\/wp\/v2\/posts\/11426\/revisions"}],"predecessor-version":[{"id":11429,"href":"http:\/\/www.alertaciudadana.info\/index.php?rest_route=\/wp\/v2\/posts\/11426\/revisions\/11429"}],"wp:featuredmedia":[{"embeddable":true,"href":"http:\/\/www.alertaciudadana.info\/index.php?rest_route=\/wp\/v2\/media\/11427"}],"wp:attachment":[{"href":"http:\/\/www.alertaciudadana.info\/index.php?rest_route=%2Fwp%2Fv2%2Fmedia&parent=11426"}],"wp:term":[{"taxonomy":"category","embeddable":true,"href":"http:\/\/www.alertaciudadana.info\/index.php?rest_route=%2Fwp%2Fv2%2Fcategories&post=11426"},{"taxonomy":"post_tag","embeddable":true,"href":"http:\/\/www.alertaciudadana.info\/index.php?rest_route=%2Fwp%2Fv2%2Ftags&post=11426"}],"curies":[{"name":"wp","href":"https:\/\/api.w.org\/{rel}","templated":true}]}}