{"id":11161,"date":"2016-12-29T03:06:52","date_gmt":"2016-12-29T03:06:52","guid":{"rendered":"http:\/\/www.alertaciudadana.info\/?p=11161"},"modified":"2016-12-29T03:06:52","modified_gmt":"2016-12-29T03:06:52","slug":"reconocen-dedicacion-y-esfuerzo-de-personal","status":"publish","type":"post","link":"http:\/\/www.alertaciudadana.info\/?p=11161","title":{"rendered":"Reconocen dedicacion y esfuerzo de personal"},"content":{"rendered":"<h3 class=\"x_MsoNormal\"><a href=\"http:\/\/www.alertaciudadana.info\/wp-content\/uploads\/2016\/12\/gob1.jpg\" rel=\"attachment wp-att-11162\"><img loading=\"lazy\" decoding=\"async\" class=\"alignnone size-medium wp-image-11162\" src=\"http:\/\/www.alertaciudadana.info\/wp-content\/uploads\/2016\/12\/gob1-300x230.jpg\" alt=\"gob1\" width=\"300\" height=\"230\" srcset=\"http:\/\/www.alertaciudadana.info\/wp-content\/uploads\/2016\/12\/gob1-300x230.jpg 300w, http:\/\/www.alertaciudadana.info\/wp-content\/uploads\/2016\/12\/gob1-768x588.jpg 768w, http:\/\/www.alertaciudadana.info\/wp-content\/uploads\/2016\/12\/gob1-1024x784.jpg 1024w, http:\/\/www.alertaciudadana.info\/wp-content\/uploads\/2016\/12\/gob1.jpg 1280w\" sizes=\"auto, (max-width: 300px) 100vw, 300px\" \/><\/a><\/h3>\n<h3 class=\"x_MsoNormal\"><b><span lang=\"ES\" style=\"font-size: 11.0pt; line-height: 115%; font-family: 'Tahoma','sans-serif';\">CIUDAD VICTORIA,<\/span><\/b><span lang=\"ES\" style=\"font-size: 11.0pt; line-height: 115%; font-family: 'Tahoma','sans-serif';\"> Tamaulipas.- <\/span><span style=\"font-size: 11.0pt; line-height: 115%; font-family: 'Tahoma','sans-serif';\">Para reconocer el esfuerzo y dedicaci\u00f3n de los trabajadores de la Secretar\u00eda de Salud, se llev\u00f3 a cabo la entrega de premios, est\u00edmulos y recompensas econ\u00f3micas a m\u00e1s de 60 empleados que cumplen 20, 25, 30, 35 y 40 a\u00f1os de servicio en esta dependencia y han trabajado en beneficio de las familias tamaulipecas.<\/span><\/h3>\n<h3 class=\"x_MsoNormal\"><span style=\"font-size: 11.0pt; font-family: 'Tahoma','sans-serif';\">La entrega fue presidida por el subsecretario de Prevenci\u00f3n y Promoci\u00f3n de la Salud, Alejandro Garc\u00eda Barrientos, en representaci\u00f3n de la secretaria de Salud, Lydia Madero Garc\u00eda.<\/span><\/h3>\n<h3 class=\"x_MsoNormal\"><span style=\"font-size: 11.0pt; font-family: 'Tahoma','sans-serif';\">\u201cEl compromiso del gobierno de Tamaulipas, es fortalecer la unidad, la profesionalizaci\u00f3n y la mejora de las condiciones laborales de los trabajadores, para brindar cada vez m\u00e1s y mejores servicios, y contribuir a una entidad m\u00e1s equitativa\u201d, afirm\u00f3 el subsecretario de Prevenci\u00f3n y Promoci\u00f3n de la Salud, Alejandro Garc\u00eda Barrientos<\/span><\/h3>\n<h3 class=\"x_MsoNormal\"><span style=\"font-size: 11.0pt; font-family: 'Tahoma','sans-serif';\">Con la representaci\u00f3n de la Secretaria de Salud, Lydia Madero Garc\u00eda, el funcionario dijo que la cultura del esfuerzo y constancia reflejada en la antig\u00fcedad laboral es lo que se premia y reconoce ya que, \u201cesta noble instituci\u00f3n no ser\u00eda la misma sin la presencia y la participaci\u00f3n responsable y activa de todos ustedes\u201d.<\/span><\/h3>\n<h3 class=\"x_MsoNormal\"><span style=\"font-size: 11.0pt; font-family: 'Tahoma','sans-serif';\">Agradeci\u00f3 al personal por la labor importante que desempe\u00f1an a favor de la salud y bienestar de la poblaci\u00f3n tamaulipeca.<\/span><\/h3>\n<h3 class=\"x_MsoNormal\"><span style=\"font-size: 11.0pt; font-family: 'Tahoma','sans-serif';\">Convoc\u00f3 a los asistentes a continuar ejerciendo su trabajo con honradez, sensibilidad pol\u00edtica y vocaci\u00f3n de servicio, para mantener una comunicaci\u00f3n abierta y directa con la sociedad, para otorgarles atenci\u00f3n oportuna y de calidad.<\/span><\/h3>\n","protected":false},"excerpt":{"rendered":"<p>CIUDAD VICTORIA, Tamaulipas.- Para reconocer el esfuerzo y dedicaci\u00f3n de los trabajadores de la Secretar\u00eda de Salud, se llev\u00f3 a&hellip;<\/p>\n","protected":false},"author":1,"featured_media":11162,"comment_status":"open","ping_status":"open","sticky":false,"template":"","format":"standard","meta":{"footnotes":""},"categories":[1,4],"tags":[],"class_list":["post-11161","post","type-post","status-publish","format-standard","has-post-thumbnail","hentry","category-destacados","category-tamaulipas"],"_links":{"self":[{"href":"http:\/\/www.alertaciudadana.info\/index.php?rest_route=\/wp\/v2\/posts\/11161","targetHints":{"allow":["GET"]}}],"collection":[{"href":"http:\/\/www.alertaciudadana.info\/index.php?rest_route=\/wp\/v2\/posts"}],"about":[{"href":"http:\/\/www.alertaciudadana.info\/index.php?rest_route=\/wp\/v2\/types\/post"}],"author":[{"embeddable":true,"href":"http:\/\/www.alertaciudadana.info\/index.php?rest_route=\/wp\/v2\/users\/1"}],"replies":[{"embeddable":true,"href":"http:\/\/www.alertaciudadana.info\/index.php?rest_route=%2Fwp%2Fv2%2Fcomments&post=11161"}],"version-history":[{"count":1,"href":"http:\/\/www.alertaciudadana.info\/index.php?rest_route=\/wp\/v2\/posts\/11161\/revisions"}],"predecessor-version":[{"id":11163,"href":"http:\/\/www.alertaciudadana.info\/index.php?rest_route=\/wp\/v2\/posts\/11161\/revisions\/11163"}],"wp:featuredmedia":[{"embeddable":true,"href":"http:\/\/www.alertaciudadana.info\/index.php?rest_route=\/wp\/v2\/media\/11162"}],"wp:attachment":[{"href":"http:\/\/www.alertaciudadana.info\/index.php?rest_route=%2Fwp%2Fv2%2Fmedia&parent=11161"}],"wp:term":[{"taxonomy":"category","embeddable":true,"href":"http:\/\/www.alertaciudadana.info\/index.php?rest_route=%2Fwp%2Fv2%2Fcategories&post=11161"},{"taxonomy":"post_tag","embeddable":true,"href":"http:\/\/www.alertaciudadana.info\/index.php?rest_route=%2Fwp%2Fv2%2Ftags&post=11161"}],"curies":[{"name":"wp","href":"https:\/\/api.w.org\/{rel}","templated":true}]}}