{"id":10833,"date":"2016-12-13T02:17:25","date_gmt":"2016-12-13T02:17:25","guid":{"rendered":"http:\/\/www.alertaciudadana.info\/?p=10833"},"modified":"2016-12-13T02:17:25","modified_gmt":"2016-12-13T02:17:25","slug":"capturan-a-presuntos-secuestradores","status":"publish","type":"post","link":"http:\/\/www.alertaciudadana.info\/?p=10833","title":{"rendered":"Capturan a presuntos secuestradores"},"content":{"rendered":"<h3><a href=\"http:\/\/www.alertaciudadana.info\/wp-content\/uploads\/2016\/12\/secuestrador.jpg\" rel=\"attachment wp-att-10834\"><img loading=\"lazy\" decoding=\"async\" class=\"size-medium wp-image-10834 alignleft\" src=\"http:\/\/www.alertaciudadana.info\/wp-content\/uploads\/2016\/12\/secuestrador-300x158.jpg\" alt=\"secuestrador\" width=\"300\" height=\"158\" srcset=\"http:\/\/www.alertaciudadana.info\/wp-content\/uploads\/2016\/12\/secuestrador-300x158.jpg 300w, http:\/\/www.alertaciudadana.info\/wp-content\/uploads\/2016\/12\/secuestrador-768x403.jpg 768w, http:\/\/www.alertaciudadana.info\/wp-content\/uploads\/2016\/12\/secuestrador.jpg 800w\" sizes=\"auto, (max-width: 300px) 100vw, 300px\" \/><\/a><\/h3>\n<h3>CD. VICTORIA, Tamaulipas &#8211; El Grupo de Coordinaci\u00f3n Tamaulipas informa que la ma\u00f1ana del lunes 12 de diciembre, en el municipio de Victoria, elementos de la Polic\u00eda Estatal llevaron a cabo la detenci\u00f3n de dos presuntos secuestradores, uno de ellos menor de edad.<\/h3>\n<h3>La captura se logr\u00f3 alrededor de las 7:20 horas, cuando los polic\u00edas estatales atendieron el reporte de una denuncia ciudadana al 089, que advert\u00eda sobre la presencia de dos hombres armados afuera de un domicilio en la colonia Unidad Modelo.<\/h3>\n<h3>Al percatarse de la presencia policial, los dos sujetos emprendieron la huida, pero fueron alcanzados metros m\u00e1s adelante. Tras su detenci\u00f3n, uno de ellos se identific\u00f3 como Benito \u201cN\u201d, de 24 a\u00f1os de edad.<\/h3>\n<h3>El otro dijo tener 16 a\u00f1os de edad.<\/p>\n<p>En los veh\u00edculos donde trataron de escapar, un Nissan March color rojo y un Chevrolet Aveo negro, los dos sin placas, fueron encontradas cuatro armas largas que dijeron utilizar para secuestrar personas como parte de un grupo delincuencial que opera en la zona centro del Estado.<\/h3>\n<h3>Los ahora detenidos, los veh\u00edculos y las armas fueron puestos a disposici\u00f3n de la Agencia del Ministerio P\u00fablico Federal, quien emprender\u00e1 la investigaci\u00f3n correspondiente.<\/h3>\n","protected":false},"excerpt":{"rendered":"<p>CD. VICTORIA, Tamaulipas &#8211; El Grupo de Coordinaci\u00f3n Tamaulipas informa que la ma\u00f1ana del lunes 12 de diciembre, en el&hellip;<\/p>\n","protected":false},"author":1,"featured_media":10834,"comment_status":"open","ping_status":"open","sticky":false,"template":"","format":"standard","meta":{"footnotes":""},"categories":[16,1,8],"tags":[],"class_list":["post-10833","post","type-post","status-publish","format-standard","has-post-thumbnail","hentry","category-ciudadvictoria","category-destacados","category-policiaca"],"_links":{"self":[{"href":"http:\/\/www.alertaciudadana.info\/index.php?rest_route=\/wp\/v2\/posts\/10833","targetHints":{"allow":["GET"]}}],"collection":[{"href":"http:\/\/www.alertaciudadana.info\/index.php?rest_route=\/wp\/v2\/posts"}],"about":[{"href":"http:\/\/www.alertaciudadana.info\/index.php?rest_route=\/wp\/v2\/types\/post"}],"author":[{"embeddable":true,"href":"http:\/\/www.alertaciudadana.info\/index.php?rest_route=\/wp\/v2\/users\/1"}],"replies":[{"embeddable":true,"href":"http:\/\/www.alertaciudadana.info\/index.php?rest_route=%2Fwp%2Fv2%2Fcomments&post=10833"}],"version-history":[{"count":1,"href":"http:\/\/www.alertaciudadana.info\/index.php?rest_route=\/wp\/v2\/posts\/10833\/revisions"}],"predecessor-version":[{"id":10835,"href":"http:\/\/www.alertaciudadana.info\/index.php?rest_route=\/wp\/v2\/posts\/10833\/revisions\/10835"}],"wp:featuredmedia":[{"embeddable":true,"href":"http:\/\/www.alertaciudadana.info\/index.php?rest_route=\/wp\/v2\/media\/10834"}],"wp:attachment":[{"href":"http:\/\/www.alertaciudadana.info\/index.php?rest_route=%2Fwp%2Fv2%2Fmedia&parent=10833"}],"wp:term":[{"taxonomy":"category","embeddable":true,"href":"http:\/\/www.alertaciudadana.info\/index.php?rest_route=%2Fwp%2Fv2%2Fcategories&post=10833"},{"taxonomy":"post_tag","embeddable":true,"href":"http:\/\/www.alertaciudadana.info\/index.php?rest_route=%2Fwp%2Fv2%2Ftags&post=10833"}],"curies":[{"name":"wp","href":"https:\/\/api.w.org\/{rel}","templated":true}]}}